[{"@context":"https:\/\/schema.org\/","@type":"Article","@id":"https:\/\/www.gapron.cz\/nejsme-vsichni-stejni\/#Article","mainEntityOfPage":"https:\/\/www.gapron.cz\/nejsme-vsichni-stejni\/","headline":"Nejsme v\u0161ichni stejn\u00ed","name":"Nejsme v\u0161ichni stejn\u00ed","description":"Jsou lid\u00e9, kte\u0159\u00ed jsou zam\u011b\u0159eni sp\u00ed\u0161e humanitn\u011b, a proto jdou studovat v\u011bdy, kter\u00e9 tomu odpov\u00eddaj\u00ed. Mezi obory, kter\u00e9 se naz\u00fdvaj\u00ed humanitn\u00ed (nebo tak\u00e9 duchovn\u00ed), se po\u010d\u00edtaj\u00ed &middot;&nbsp;&nbsp;&nbsp;&nbsp;&nbsp;&nbsp;&nbsp; ciz\u00ed jazyky &middot;&nbsp;&nbsp;&nbsp;&nbsp;&nbsp;&nbsp;&nbsp; historie &middot;&nbsp;&nbsp;&nbsp;&nbsp;&nbsp;&nbsp;&nbsp; archeologie &middot;&nbsp;&nbsp;&nbsp;&nbsp;&nbsp;&nbsp;&nbsp; etika &middot;&nbsp;&nbsp;&nbsp;&nbsp;&nbsp;&nbsp;&nbsp; liter\u00e1rn\u00ed v\u011bdy &middot;&nbsp;&nbsp;&nbsp;&nbsp;&nbsp;&nbsp;&nbsp; teologie &hellip; <div class=\"read-more\"><a href=\"https:\/\/www.gapron.cz\/nejsme-vsichni-stejni\/\" class=\"more-link\">Read More<\/a><\/div>","datePublished":"2020-09-07","dateModified":"2023-05-07","author":{"@type":"Person","@id":"https:\/\/www.gapron.cz\/author\/#Person","name":"","url":"https:\/\/www.gapron.cz\/author\/","identifier":1,"image":{"@type":"ImageObject","@id":"https:\/\/secure.gravatar.com\/avatar\/48db5b3634ed7a3f1f89bca90f0a2521b0bb3970d57e3653d258d10b0f31fdf3?s=96&d=mm&r=g","url":"https:\/\/secure.gravatar.com\/avatar\/48db5b3634ed7a3f1f89bca90f0a2521b0bb3970d57e3653d258d10b0f31fdf3?s=96&d=mm&r=g","height":96,"width":96}},"publisher":{"@type":"Organization","name":"gapron.cz","logo":{"@type":"ImageObject","@id":"\/logo.png","url":"\/logo.png","width":600,"height":60}},"url":"https:\/\/www.gapron.cz\/nejsme-vsichni-stejni\/","about":["N\u00e1kupy"],"wordCount":438,"articleBody":"\tJsou lid\u00e9, kte\u0159\u00ed jsou zam\u011b\u0159eni sp\u00ed\u0161e humanitn\u011b, a proto jdou studovat v\u011bdy, kter\u00e9 tomu odpov\u00eddaj\u00ed. Mezi obory, kter\u00e9 se naz\u00fdvaj\u00ed humanitn\u00ed (nebo tak\u00e9 duchovn\u00ed), se po\u010d\u00edtaj\u00ed\t&middot;&nbsp;&nbsp;&nbsp;&nbsp;&nbsp;&nbsp;&nbsp; ciz\u00ed jazyky\t&middot;&nbsp;&nbsp;&nbsp;&nbsp;&nbsp;&nbsp;&nbsp; historie\t&middot;&nbsp;&nbsp;&nbsp;&nbsp;&nbsp;&nbsp;&nbsp; archeologie\t&middot;&nbsp;&nbsp;&nbsp;&nbsp;&nbsp;&nbsp;&nbsp; etika\t&middot;&nbsp;&nbsp;&nbsp;&nbsp;&nbsp;&nbsp;&nbsp; liter\u00e1rn\u00ed v\u011bdy\t&middot;&nbsp;&nbsp;&nbsp;&nbsp;&nbsp;&nbsp;&nbsp; teologie\t&middot;&nbsp;&nbsp;&nbsp;&nbsp;&nbsp;&nbsp;&nbsp; a mnoho dal\u0161\u00edch obor\u016f.\tPokud \u010dlov\u011bku p\u0159\u00edroda dala do v\u00ednku sp\u00ed\u0161e technick\u00e9 nad\u00e1n\u00ed, tak\u00e9 si m\u016f\u017ee vybrat z mnoha obor\u016f, kter\u00fdmi se bude ve sv\u00e9m profesn\u00edm \u017eivot\u011b zab\u00fdvat. Nap\u0159\u00edklad obory, kter\u00e9 jsou \u00fazce spjat\u00e9 s&nbsp;elektrikou a elektronikou. Roku 1950 byla v Praze 6 otev\u0159ena prvn\u00ed fakulta, kter\u00e1 dovoluje tento technick\u00fd obor studovat.\tNa t\u00e9to fakult\u011b se d\u00e1 z\u00edskat prvot\u0159\u00eddn\u00ed vzd\u011bl\u00e1n\u00ed v oblasti \to&nbsp;&nbsp; elektroniky\to&nbsp;&nbsp; informatiky\to&nbsp;&nbsp; energetiky\to&nbsp;&nbsp; elektrotechniky\to&nbsp;&nbsp; telekomunikac\u00ed\to&nbsp;&nbsp; kybernetiky\tA dal\u0161\u00edch oborech, kter\u00e9 jsou \u010dlov\u011bku, zam\u011b\u0159en\u00e9mu humanitn\u011b, naprosto vzd\u00e1len\u00e9.\tElektrotechnika najde uplatn\u011bn\u00ed v\u017edyJestli\u017ee se n\u011bkdo ob\u00e1v\u00e1, \u017ee by po absolvov\u00e1n\u00ed Fakulty elektrotechnick\u00e9 nena\u0161el uplatn\u011bn\u00ed, ob\u00e1v\u00e1 se zbyte\u010dn\u011b. Po absolventech, vystudovan\u00fdch v t\u011bchto oborech, je velk\u00e1 popt\u00e1vka. V\u011bt\u0161inou najdou uplatn\u011bn\u00ed na odborn\u00fdch a mana\u017eersk\u00fdch pozic\u00edch, v pr\u016fmyslu, energetice, telekomunika\u010dn\u00edch spole\u010dnostech a dal\u0161\u00edch instituc\u00edch, zam\u011b\u0159en\u00fdch t\u00edmto sm\u011brem.Jedn\u00edm z obor\u016f, kter\u00fd se na t\u00e9to \u0161kole vyu\u010duje, je i aplikovan\u00e1 elektronika. T\u0159i roky bakal\u00e1\u0159sk\u00e9ho studia, b\u011bhem kter\u00e9ho student z\u00edsk\u00e1 pov\u011bdomost o &middot;&nbsp;&nbsp;&nbsp;&nbsp;&nbsp;&nbsp;&nbsp; vyu\u017eit\u00ed elektronick\u00fdch sou\u010d\u00e1stek&middot;&nbsp;&nbsp;&nbsp;&nbsp;&nbsp;&nbsp;&nbsp; navrhov\u00e1n\u00ed a konstrukc\u00edch p\u0159\u00edstroj\u016f a aplikac\u00edch&middot;&nbsp;&nbsp;&nbsp;&nbsp;&nbsp;&nbsp;&nbsp; navrhov\u00e1n\u00ed a konstrukc\u00edch optoelektronick\u00fdch a fotonick\u00fdch sou\u010d\u00e1st\u00ed.Student, kter\u00fd uveden\u00fd obor \u00fasp\u011b\u0161n\u011b absolvuje, hled\u00e1 uplatn\u011bn\u00ed ve v\u00fdzkumu a v\u00fdvoji ve specializovan\u00fdch laborato\u0159\u00edch. Studenti Fakulty elektrotechnick\u00e9 se b\u011bhem studia mohou z\u00fa\u010dastnit r\u016fzn\u00fdch sout\u011b\u017e\u00ed, kter\u00e9 jsou zam\u011b\u0159eny na jejich studijn\u00ed obor. T\u00edm si do budoucna zvy\u0161uj\u00ed sv\u00e9 \u0161ance na dobr\u00e9 uplatn\u011bn\u00ed.&nbsp;                                                                                                                                                                                                                                                                                                                                                                                        4.6\/5 - (8 votes)        "},{"@context":"https:\/\/schema.org\/","@type":"BreadcrumbList","itemListElement":[{"@type":"ListItem","position":1,"name":"Nejsme v\u0161ichni stejn\u00ed","item":"https:\/\/www.gapron.cz\/nejsme-vsichni-stejni\/#breadcrumbitem"}]}]