[{"@context":"https:\/\/schema.org\/","@type":"Article","@id":"https:\/\/www.gapron.cz\/finsko-a-ceska-republika-jaky-je-rozdil\/#Article","mainEntityOfPage":"https:\/\/www.gapron.cz\/finsko-a-ceska-republika-jaky-je-rozdil\/","headline":"Finsko a \u010cesk\u00e1 republika \u2013 jak\u00fd je rozd\u00edl?","name":"Finsko a \u010cesk\u00e1 republika \u2013 jak\u00fd je rozd\u00edl?","description":"&nbsp;Prvn\u00ed rozd\u00edl, kter\u00fd hodl\u00e1m zm\u00ednit je ekonomika. Nen\u00ed to o tom, \u017ee by Finsko m\u011blo v\u00edce pen\u011bz. D\u011bje se toti\u017e prav\u00fd opak &ndash; Finsko do \u0161kolstv\u00ed vkl\u00e1d\u00e1 daleko m\u00e9n\u011b pen\u011bz, ne\u017e \u010cesk\u00e1 republika. P\u0159esto si m\u016f\u017ee dovolit platit d\u011btem \u0161koln\u00ed &hellip; <div class=\"read-more\"><a href=\"https:\/\/www.gapron.cz\/finsko-a-ceska-republika-jaky-je-rozdil\/\" class=\"more-link\">Read More<\/a><\/div>","datePublished":"2019-10-20","dateModified":"2023-05-07","author":{"@type":"Person","@id":"https:\/\/www.gapron.cz\/author\/#Person","name":"","url":"https:\/\/www.gapron.cz\/author\/","identifier":1,"image":{"@type":"ImageObject","@id":"https:\/\/secure.gravatar.com\/avatar\/48db5b3634ed7a3f1f89bca90f0a2521b0bb3970d57e3653d258d10b0f31fdf3?s=96&d=mm&r=g","url":"https:\/\/secure.gravatar.com\/avatar\/48db5b3634ed7a3f1f89bca90f0a2521b0bb3970d57e3653d258d10b0f31fdf3?s=96&d=mm&r=g","height":96,"width":96}},"publisher":{"@type":"Organization","name":"gapron.cz","logo":{"@type":"ImageObject","@id":"\/logo.png","url":"\/logo.png","width":600,"height":60}},"image":{"@type":"ImageObject","@id":"https:\/\/www.gapron.cz\/wp-content\/uploads\/img_a356270_w3026_t1570908700.jpg","url":"https:\/\/www.gapron.cz\/wp-content\/uploads\/img_a356270_w3026_t1570908700.jpg","height":0,"width":0},"url":"https:\/\/www.gapron.cz\/finsko-a-ceska-republika-jaky-je-rozdil\/","about":["Vzd\u011bl\u00e1n\u00ed"],"wordCount":465,"articleBody":"&nbsp;Prvn\u00ed rozd\u00edl, kter\u00fd hodl\u00e1m zm\u00ednit je ekonomika. Nen\u00ed to o tom, \u017ee by Finsko m\u011blo v\u00edce pen\u011bz. D\u011bje se toti\u017e prav\u00fd opak &ndash; Finsko do \u0161kolstv\u00ed vkl\u00e1d\u00e1 daleko m\u00e9n\u011b pen\u011bz, ne\u017e \u010cesk\u00e1 republika. P\u0159esto si m\u016f\u017ee dovolit platit d\u011btem \u0161koln\u00ed ob\u011bdy, pom\u016fcky a je\u0161t\u011b jim v&nbsp;p\u0159\u00edpad\u011b pot\u0159eby platit dou\u010dov\u00e1n\u00ed. Jednodu\u0161e toti\u017e finan\u010dn\u00ed prost\u0159edky vyu\u017e\u00edvaj\u00ed l\u00e9pe.\t&nbsp;Dal\u0161\u00edm rozd\u00edlem je, \u017ee d\u011bti do \u0161koly nastupuj\u00ed a\u017e v&nbsp;sedmi letech. V\u0161echny. Prodlou\u017e\u00ed si d\u011btstv\u00ed a stihnou v\u0161echny dosp\u011bt do f\u00e1ze, kdy jsou schopn\u00e9 se u\u010dit a maj\u00ed ur\u010dit\u00e9 soci\u00e1ln\u00ed dovednosti. P\u0159esto je na \u0161kol\u00e1ch je\u0161t\u011b p\u0159erozd\u011bluj\u00ed &ndash; na ty, kter\u00e9 jsou schopn\u00e9 se z\u00fa\u010dastnit norm\u00e1ln\u00ed v\u00fduky a na d\u011bti posti\u017een\u00e9. Chod\u00ed do jedn\u00e9 \u0161koly, ale do jin\u00fdch t\u0159\u00edd. Tak\u017ee d\u011bti s&nbsp;posti\u017een\u00edm se o pauz\u00e1ch a ob\u011bdech mohou setk\u00e1vat s&nbsp;d\u011btmi zdrav\u00fdmi a u\u010dit se fungovat ve spole\u010dnosti. Je to uk\u00e1zka funk\u010dn\u00ed verze inkluzivn\u00edho vzd\u011bl\u00e1v\u00e1n\u00ed. V&nbsp;na\u0161\u00ed zemi to bohu\u017eel pojali pon\u011bkud zle.\t&nbsp;U\u010ditel\u00e9 jsou ve Finsku velice v\u00e1\u017een\u00ed. Zat\u00edmco kdy\u017e my jsme byli mal\u00e9 d\u011bti, rodi\u010de n\u00e1s nab\u00e1dali, a\u0165 se staneme doktory, ve Finsku je poctou m\u00edt v rodin\u011b u\u010ditele. Je to povol\u00e1n\u00ed, na kter\u00e9 pot\u0159ebujete nejen vysokou \u0161kolu, ale i ty nejlep\u0161\u00ed v\u00fdsledky. U\u010ditelem se tak st\u00e1vaj\u00ed studenti, kte\u0159\u00ed cht\u011bj\u00ed, ne studenti, kter\u00e9 bylo pot\u0159eba n\u011bkam protek\u010dn\u011b &bdquo;uklidit&ldquo;.\t&nbsp;D\u011bti ve \u0161kol\u00e1ch nedost\u00e1vaj\u00ed dom\u00e1c\u00ed \u00fakoly. Nen\u00ed to pot\u0159eba, proto\u017ee osnovy jsou utvo\u0159eny tak, aby se v\u0161e probralo a procvi\u010dilo v&nbsp;hodin\u00e1ch. Nav\u00edc doma d\u011btem \u010dasto s&nbsp;\u00fakoly pom\u00e1haj\u00ed rodi\u010de a d\u00edt\u011bti tak kvantum dom\u00e1c\u00edch \u00fakol\u016f nic ned\u00e1.\t\t&nbsp;P\u0159esto se finsk\u00e9 \u0161kolstv\u00ed nedostalo na vrchol ze dne na den. Nicm\u00e9n\u011b se za\u010dalo formovat v&nbsp;dob\u011b, kdy se Finsko ze zem\u011bd\u011blsky zam\u011b\u0159en\u00e9 zem\u011b za\u010dalo orientovat i na pr\u016fmysl. Bylo pot\u0159eba v\u00edce vzd\u011blan\u00fdch lid\u00ed a tak se za\u010dalo v\u00edce db\u00e1t na vzd\u011bl\u00e1v\u00e1n\u00ed d\u011bt\u00ed a uva\u017eovat o tom, zda se u\u010d\u00ed zp\u016fsobem, kter\u00fd jim potom umo\u017en\u00ed dobr\u00e9 uplatn\u011bn\u00ed. A to je asi to nejd\u016fle\u017eit\u011bj\u0161\u00ed &ndash; u\u010dit tak, aby se \u010dlov\u011bk mohl uplatnit.                                                                                                                                                                                                                                                                                                                                                                                        4.5\/5 - (6 votes)        "},{"@context":"https:\/\/schema.org\/","@type":"BreadcrumbList","itemListElement":[{"@type":"ListItem","position":1,"name":"Finsko a \u010cesk\u00e1 republika \u2013 jak\u00fd je rozd\u00edl?","item":"https:\/\/www.gapron.cz\/finsko-a-ceska-republika-jaky-je-rozdil\/#breadcrumbitem"}]}]