[{"@context":"https:\/\/schema.org\/","@type":"Article","@id":"https:\/\/www.gapron.cz\/co-je-to-kultura\/#Article","mainEntityOfPage":"https:\/\/www.gapron.cz\/co-je-to-kultura\/","headline":"Co je to kultura?","name":"Co je to kultura?","description":"Mimo jin\u00e9 je to tak\u00e9 vzd\u011bl\u00e1n\u00ed, tedy jeho n\u011bjak\u00fd ur\u010dit\u00fd stupe\u0148, kter\u00e9ho civilizace dos\u00e1hla. Tak\u00e9 to m\u016f\u017ee znamenat du\u0161evn\u00ed statky. Nebo um\u011bn\u00ed, ra\u010dte si vybrat. Pojem jako takov\u00fd do sebe slu\u010duje v\u00edce dal\u0161\u00edch.\u00a0Je ov\u0161em tak\u00e9 fakt, \u017ee si kulturu p\u0159edstavuje &hellip; <div class=\"read-more\"><a href=\"https:\/\/www.gapron.cz\/co-je-to-kultura\/\" class=\"more-link\">Read More<\/a><\/div>","datePublished":"2021-12-09","dateModified":"2023-05-07","author":{"@type":"Person","@id":"https:\/\/www.gapron.cz\/author\/#Person","name":"","url":"https:\/\/www.gapron.cz\/author\/","identifier":1,"image":{"@type":"ImageObject","@id":"https:\/\/secure.gravatar.com\/avatar\/48db5b3634ed7a3f1f89bca90f0a2521b0bb3970d57e3653d258d10b0f31fdf3?s=96&d=mm&r=g","url":"https:\/\/secure.gravatar.com\/avatar\/48db5b3634ed7a3f1f89bca90f0a2521b0bb3970d57e3653d258d10b0f31fdf3?s=96&d=mm&r=g","height":96,"width":96}},"publisher":{"@type":"Organization","name":"gapron.cz","logo":{"@type":"ImageObject","@id":"\/logo.png","url":"\/logo.png","width":600,"height":60}},"image":{"@type":"ImageObject","@id":"https:\/\/www.gapron.cz\/wp-content\/uploads\/budapest_culture.jpg","url":"https:\/\/www.gapron.cz\/wp-content\/uploads\/budapest_culture.jpg","height":0,"width":0},"url":"https:\/\/www.gapron.cz\/co-je-to-kultura\/","about":["Kultura"],"wordCount":428,"articleBody":"Mimo jin\u00e9 je to tak\u00e9 vzd\u011bl\u00e1n\u00ed, tedy jeho n\u011bjak\u00fd ur\u010dit\u00fd stupe\u0148, kter\u00e9ho civilizace dos\u00e1hla. Tak\u00e9 to m\u016f\u017ee znamenat du\u0161evn\u00ed statky. Nebo um\u011bn\u00ed, ra\u010dte si vybrat. Pojem jako takov\u00fd do sebe slu\u010duje v\u00edce dal\u0161\u00edch.\u00a0Je ov\u0161em tak\u00e9 fakt, \u017ee si kulturu p\u0159edstavuje ka\u017ed\u00fd jinak. Uvedu p\u0159\u00edklad. A pou\u017eiji k tomu t\u0159eba hudbu.\u00a0N\u011bkdo se rozpl\u00fdv\u00e1 nad poslechem v\u00e1\u017en\u00e9 hudby. Vivaldi, Smetana, Mozart, to je jeho parketa a ned\u00e1 na to dopustit. P\u0159i t\u00f3nech t\u00e9to muziky je v sedm\u00e9m nebi. Tvrd\u00ed, \u017ee tohle je hlubok\u00fd kulturn\u00ed z\u00e1\u017eitek. M\u00e1 pravdu. Mo\u017en\u00e1.\u00a0Druh\u00fd \u010dlov\u011bk zase poskakuje p\u0159i neskute\u010dn\u00e9m krav\u00e1lu. \u010c\u00edm bl\u00ed\u017ee je u reprobeden, t\u00edm l\u00e9pe. To je zase jeho kulturn\u00ed z\u00e1\u017eitek. Krav\u00e1l je pro n\u011bj hudba, poskakov\u00e1n\u00ed je tanec a pokud tak str\u00e1v\u00ed v\u00edkend, je nad\u0161en. Ostatn\u00edm tvrd\u00ed, \u017ee se bavil. Ne\u0159\u00edk\u00e1, \u017ee to byl hlubok\u00fd kulturn\u00ed z\u00e1\u017eitek, proto\u017ee tu\u0161\u00ed, \u017ee by t\u00edmto dost p\u0159est\u0159elil.\u00a0Zvolen\u00fd p\u0159\u00edklad nen\u00ed samoz\u0159ejm\u011b jedin\u00fd. Dal\u0161\u00ed se m\u016f\u017ee t\u00fdkat filmov\u00e9 tvorby, jin\u00fd t\u0159eba socha\u0159stv\u00ed a tak d\u00e1le a tak d\u00e1le. A i kdy\u017e se to n\u011bkomu nemus\u00ed l\u00edbit, p\u0159esto se toto v\u0161e zahrnuje do slova kultura. \u00a0Docela jist\u011b jste ji\u017e jako chodili se \u0161kolou na r\u016fzn\u00e1 divadeln\u00ed p\u0159edstaven\u00ed nebo do kina. My to m\u011bli stejn\u00e9. Divadlo n\u00e1s moc nebralo, ale kino ano. I kdy\u017e jsme zde byli v\u011bt\u0161inou v\u017edy vystaveni opravdov\u00fdm kulturn\u00edm \u0161ok\u016fm jako jsou sov\u011btsk\u00e9 v\u00e1le\u010dn\u00e9 filmy, nebo ty o budov\u00e1n\u00ed vlasti. My jako kluci jsme pochopiteln\u011b v\u00e1le\u010dn\u00e9 filmy mohli a dobrodru\u017en\u00e9 je\u0161t\u011b v\u00edce. Jen\u017ee t\u011bch sov\u011btsk\u00fdch byl tehdy nedostatek, a tak byl sn\u00edmek \u201eTimur a jeho parta\u201c vrcholn\u00fdm z\u00e1\u017eitkem v kulturn\u00edm dobrodru\u017estv\u00ed. \u00a0T\u00edm jsem jen cht\u011bl nazna\u010dit, \u017ee u\u017e du\u0161e mal\u00e9ho d\u00edt\u011bte je formov\u00e1na spole\u010dnost\u00ed s kulturou, kterou uzn\u00e1v\u00e1 ona a pova\u017euje ji za jedinou spr\u00e1vnou. Proto se u n\u00e1s jin\u00e9 sn\u00edmky zase tak moc neobjevovaly a j\u00edt na n\u011b do kina se \u0161kolou, kdy\u017e u\u017e se n\u011bjak\u00fd objevil, to bylo zhola nemo\u017en\u00e9. Je\u0161t\u011b \u017ee u\u017e je takov\u00e1 doba za n\u00e1mi. Nebo nen\u00ed?\u00a0                                                                                                                                                                                                                                                                                                                                                                                        4.4\/5 - (11 votes)        "},{"@context":"https:\/\/schema.org\/","@type":"BreadcrumbList","itemListElement":[{"@type":"ListItem","position":1,"name":"Co je to kultura?","item":"https:\/\/www.gapron.cz\/co-je-to-kultura\/#breadcrumbitem"}]}]